{"id":571,"__str__":"Indica\u00e7\u00e3o n\u00ba 30 de 2020","link_detail_backend":"/materia/571","metadata":{},"numero":30,"ano":2020,"numero_protocolo":297,"data_apresentacao":"2020-11-16","tipo_apresentacao":"O","data_publicacao":null,"numero_origem_externa":"","ano_origem_externa":null,"data_origem_externa":null,"apelido":"","dias_prazo":null,"data_fim_prazo":null,"em_tramitacao":true,"polemica":false,"objeto":"","complementar":false,"ementa":"Solicita ao Prefeito Assis Carvalho as provid\u00eancias cab\u00edveis para disponibiliza\u00e7\u00e3o de atendimento m\u00e9dico mensal de um psiquiatra na sede do munic\u00edpio de S\u00e3o Jos\u00e9 do Divino.","indexacao":"Indica\u00e7\u00e3o m\u00e9dico psiquiatra em S\u00e3o Jos\u00e9 do Divino, Ver, Maz\u00e9","observacao":"","resultado":"","texto_original":"http://sapl.saojosedodivino.pi.leg.br/media/sapl/public/materialegislativa/2020/571/indicacao_030-2020.pdf","data_ultima_atualizacao":"2020-11-18T08:29:08.132316-03:00","ip":"187.62.158.104","ultima_edicao":"2020-11-18T08:29:08.004687-03:00","tipo":8,"regime_tramitacao":1,"tipo_origem_externa":null,"local_origem_externa":null,"user":26,"anexadas":[],"autores":[18]}